{"id":973,"date":"2022-12-12T00:12:23","date_gmt":"2022-12-12T00:12:23","guid":{"rendered":"https:\/\/liquidland.staging.excentric.id\/lorem-ipsum-dolor-sit-amet-consectetur-adipiscing-elit\/"},"modified":"2023-01-06T15:54:18","modified_gmt":"2023-01-06T15:54:18","slug":"o-que-significa-ter-saude-nos-dias-de-hoje","status":"publish","type":"post","link":"https:\/\/liquid-land.com\/pt-pt\/o-que-significa-ter-saude-nos-dias-de-hoje\/","title":{"rendered":"O que significa ter sa\u00fade nos dias de hoje?"},"content":{"rendered":"\n<p><\/p>\n\n\n\n<p>Sa\u00fade. Um tema sempre presente nas nossas vidas e que tem ganho mais import\u00e2ncia com o passar do tempo. Porque sa\u00fade \u00e9 mais do que n\u00e3o ter doen\u00e7as. Como est\u00e1 a nossa sa\u00fade mental? Estamos felizes connosco? E com as pessoas do nosso c\u00edrculo social?<\/p>\n\n\n\n<h2 class=\"wp-block-heading\">O que significa ter sa\u00fade?<\/h2>\n\n\n\n<p>A <a href=\"https:\/\/www.who.int\/about\/governance\/constitution\" data-type=\"URL\" data-id=\"https:\/\/www.who.int\/about\/governance\/constitution\" target=\"_blank\" rel=\"noreferrer noopener\">Organiza\u00e7\u00e3o Mundial de Sa\u00fade<\/a> diz-nos que Sa\u00fade \u00e9 um resultado proveniente do bem-estar f\u00edsico, mental e social. Vai al\u00e9m da aus\u00eancia de doen\u00e7as. Esta trilogia de conceitos deve ser trabalhada e cuidada no seu todo para atingir um estado \u00f3timo de sa\u00fade.<\/p>\n\n\n\n<p>Cada um de n\u00f3s quer experienciar a vida da melhor forma poss\u00edvel. Procurar o que nos faz feliz, o que nos estimula e o nosso prop\u00f3sito. Com as pessoas certas ao nosso lado. Com uma boa alimenta\u00e7\u00e3o e de forma activa. E de olhos postos nas gera\u00e7\u00f5es futuras e de que forma o seu futuro \u00e9 impactado. A combina\u00e7\u00e3o destes fatores vai potenciar a sua sa\u00fade.<\/p>\n\n\n\n<h2 class=\"wp-block-heading\">Bem-estar f\u00edsico<\/h2>\n\n\n\n<p>A parte f\u00edsica da sa\u00fade est\u00e1 relacionada com a aus\u00eancia de doen\u00e7as, mas tamb\u00e9m com a alimenta\u00e7\u00e3o, com a atividade f\u00edsica e, ainda, com o nosso eu exterior.<\/p>\n\n\n\n<p>N\u00f3s somos o que comemos, pelo que quanto mais equilibrada, variada e nutritiva for a nossa alimenta\u00e7\u00e3o, melhor o nosso rendimento, e o segredo (bem conhecido) para uma vida saud\u00e1vel e feliz.<\/p>\n\n\n\n<p>Com igual import\u00e2ncia temos a atividade f\u00edsica. \u00c9 muito importante escolher uma atividade com a qual nos identifiquemos e que v\u00e1 ao encontro dos benef\u00edcios que procuramos.<\/p>\n\n\n\n<p>O resultado de uma boa pr\u00e1tica de exerc\u00edcio f\u00edsico e uma boa alimenta\u00e7\u00e3o, aliadas a uma boa qualidade de vida, pode tamb\u00e9m melhorar consideravelmente a sua sa\u00fade e bem estar.<\/p>\n\n\n\n<p>E o nosso eu exterior? Muitas vezes, acaba por ser um pouco negligenciado, no entanto, o espelho \u00e9 aquele amigo que tamb\u00e9m queremos que fa\u00e7a parte do nosso c\u00edrculo. Porque \u00e9 o nosso reflexo, \u00e9 ali que conseguimos ver o nosso eu exterior com os nossos olhos.<\/p>\n\n\n\n<p>Podermos olhar para o eu exterior e gostar do que vemos tem um grande impacto na nossa sa\u00fade. Porque faz com que nos importemos, que nos queiramos cuidar e proteger. Seja, por exemplo, para conseguir atingir uma apar\u00eancia de longevidade na vida. Ser jovem por dentro e por fora. E qual \u00e9 o maior \u00f3rg\u00e3o do nosso corpo que, por acaso, \u00e9 o mais vis\u00edvel? A nossa pele!<\/p>\n\n\n\n<p>Assim, ter uma pele saud\u00e1vel, cuja hidrata\u00e7\u00e3o a torna rejuvenescida e com um brilho pr\u00f3prio, vai permitir que o peso da idade seja evidente apenas na nossa experi\u00eancia de vida e sabedoria.<\/p>\n\n\n\n<h2 class=\"wp-block-heading\">Bem-estar mental<\/h2>\n\n\n\n<p>A parte mental da sa\u00fade relaciona-se com o eu interior, com a forma como nos sentimos connosco pr\u00f3prios e com a nossa vida.<\/p>\n\n\n\n<p>Viver de forma plena, ao nosso ritmo, com baixo n\u00edvel de ansiedade e stress, balanceando a vida pessoal e profissional.<\/p>\n\n\n\n<p>Sabemos que, num mundo cada vez mais competitivo, este ritmo de vida acelerado resulta por vezes em casos de exaust\u00e3o (<a href=\"https:\/\/www.psychologytoday.com\/us\/basics\/burnout#non-work-burnout\" data-type=\"URL\" data-id=\"https:\/\/www.psychologytoday.com\/us\/basics\/burnout#non-work-burnout\" target=\"_blank\" rel=\"noreferrer noopener\">burnout<\/a>). \u00c9 preciso relembrar que n\u00f3s, seres humanos, somos os respons\u00e1veis, pelo que voltar a reequilibrar o ritmo \u00e9 tamb\u00e9m algo que tem de ser trabalhado.<\/p>\n\n\n\n<p>No entanto, este reequil\u00edbrio dever\u00e1 ser alcan\u00e7ado no seu devido tempo. Todos somos diferentes, logo a <a href=\"https:\/\/www.medicalnewstoday.com\/articles\/154543#treatment\" data-type=\"URL\" data-id=\"https:\/\/www.medicalnewstoday.com\/articles\/154543#treatment\" target=\"_blank\" rel=\"noreferrer noopener\">forma de tratarmos o nosso bem-estar mental<\/a> tamb\u00e9m difere.<\/p>\n\n\n\n<h2 class=\"wp-block-heading\">Bem-estar social<\/h2>\n\n\n\n<p>Por fim, a parte social da sa\u00fade prende-se com as pessoas que nos acompanham e com quem nos relacionamos.<\/p>\n\n\n\n<p>Quantidade nem sempre significa qualidade. Assim \u00e9 nas rela\u00e7\u00f5es. Temos um grande grupo de pessoas connosco, mas, na verdade, as liga\u00e7\u00f5es que existem s\u00e3o superficiais? Ou temos um grupo mais restrito, mas que, seja por que motivo for, s\u00e3o as pessoas em quem podemos confiar e que v\u00e3o estar sempre ao nosso lado?<\/p>\n\n\n\n<p>A qualidade das nossas rela\u00e7\u00f5es influencia a qualidade da nossa vida e do nosso bem-estar. Ao priorizar o nosso bem-estar, podemos escolher quem queremos e precisamos de ter no nosso c\u00edrculo. S\u00e3o estas pessoas que v\u00e3o querer sempre o nosso melhor. E vice-versa.<\/p>\n\n\n\n<p>Investir na nossa sa\u00fade e bem-estar \u00e9 fundamental para que possamos tirar o maior partido da nossa vida e viver de forma plena.<\/p>\n","protected":false},"excerpt":{"rendered":"<p>Ter sa\u00fade, hoje em dia, \u00e9 estar bem com o nosso eu f\u00edsico, mas<br \/>\ntamb\u00e9m com o mental, com o que fazemos e com quem nos rodeia.<\/p>\n","protected":false},"author":1,"featured_media":1119,"comment_status":"open","ping_status":"open","sticky":false,"template":"","format":"standard","meta":{"_acf_changed":false,"footnotes":""},"categories":[68,70,59,72],"tags":[],"class_list":["post-973","post","type-post","status-publish","format-standard","has-post-thumbnail","hentry","category-bem-estar","category-envelhecer-bem","category-lifestyle-pt-pt","category-saude"],"acf":[],"_links":{"self":[{"href":"https:\/\/liquid-land.com\/pt-pt\/wp-json\/wp\/v2\/posts\/973","targetHints":{"allow":["GET"]}}],"collection":[{"href":"https:\/\/liquid-land.com\/pt-pt\/wp-json\/wp\/v2\/posts"}],"about":[{"href":"https:\/\/liquid-land.com\/pt-pt\/wp-json\/wp\/v2\/types\/post"}],"author":[{"embeddable":true,"href":"https:\/\/liquid-land.com\/pt-pt\/wp-json\/wp\/v2\/users\/1"}],"replies":[{"embeddable":true,"href":"https:\/\/liquid-land.com\/pt-pt\/wp-json\/wp\/v2\/comments?post=973"}],"version-history":[{"count":2,"href":"https:\/\/liquid-land.com\/pt-pt\/wp-json\/wp\/v2\/posts\/973\/revisions"}],"predecessor-version":[{"id":1121,"href":"https:\/\/liquid-land.com\/pt-pt\/wp-json\/wp\/v2\/posts\/973\/revisions\/1121"}],"wp:featuredmedia":[{"embeddable":true,"href":"https:\/\/liquid-land.com\/pt-pt\/wp-json\/wp\/v2\/media\/1119"}],"wp:attachment":[{"href":"https:\/\/liquid-land.com\/pt-pt\/wp-json\/wp\/v2\/media?parent=973"}],"wp:term":[{"taxonomy":"category","embeddable":true,"href":"https:\/\/liquid-land.com\/pt-pt\/wp-json\/wp\/v2\/categories?post=973"},{"taxonomy":"post_tag","embeddable":true,"href":"https:\/\/liquid-land.com\/pt-pt\/wp-json\/wp\/v2\/tags?post=973"}],"curies":[{"name":"wp","href":"https:\/\/api.w.org\/{rel}","templated":true}]}}